{"id":12466,"date":"2026-04-02T18:38:38","date_gmt":"2026-04-02T17:38:38","guid":{"rendered":"https:\/\/rentiago.com\/die-altstadt-von-benidorm-balcon-del-mediterraneo-die-seite-von-benidorm-in-die-du-dich-wirklich-verlieben-wirst\/"},"modified":"2026-04-03T10:44:12","modified_gmt":"2026-04-03T09:44:12","slug":"die-altstadt-von-benidorm-balcon-del-mediterraneo-die-seite-von-benidorm-in-die-du-dich-wirklich-verlieben-wirst","status":"publish","type":"post","link":"https:\/\/rentiago.com\/de\/die-altstadt-von-benidorm-balcon-del-mediterraneo-die-seite-von-benidorm-in-die-du-dich-wirklich-verlieben-wirst\/","title":{"rendered":"Die Altstadt von Benidorm &amp; Balc\u00f3n del Mediterr\u00e1neo: Die Seite von Benidorm, in die du dich wirklich verlieben wirst"},"content":{"rendered":"\t\t<div data-elementor-type=\"wp-post\" data-elementor-id=\"12466\" class=\"elementor elementor-12466 elementor-12433\" data-elementor-post-type=\"post\">\n\t\t\t\t<div class=\"elementor-element elementor-element-8099e2a e-flex e-con-boxed e-con e-parent\" data-id=\"8099e2a\" data-element_type=\"container\" data-e-type=\"container\">\n\t\t\t\t\t<div class=\"e-con-inner\">\n\t\t\t\t<div class=\"elementor-element elementor-element-cd02efd elementor-widget elementor-widget-text-editor\" data-id=\"cd02efd\" data-element_type=\"widget\" data-e-type=\"widget\" data-widget_type=\"text-editor.default\">\n\t\t\t\t\t\t\t\t\t<p>Die meisten Leute fliegen nach Benidorm, lassen sich am Levante-Strand nieder, trinken Sangria, bis die Sonne untergeht, und fliegen nach Hause, in dem Glauben, sie h\u00e4tten schon alles gesehen. Das haben sie nicht. Nicht einmal ann\u00e4hernd. Denn das Beste, der Teil, der mich richtig in diesen Ort verliebt hat, ist die <strong>Altstadt von Benidorm.<\/strong>   <\/p>\t\t\t\t\t\t\t\t<\/div>\n\t\t\t\t<div class=\"elementor-element elementor-element-72d2f5b elementor-widget elementor-widget-text-editor\" data-id=\"72d2f5b\" data-element_type=\"widget\" data-e-type=\"widget\" data-widget_type=\"text-editor.default\">\n\t\t\t\t\t\t\t\t\t<p>Die Einheimischen haben ein Sprichwort: \u201eWer es kennt, geht hin.\u201c Und ganz ehrlich? Sobald du mit einer kalten Ca\u00f1a in der Hand durch die engen Gassen der Altstadt geschlendert bist und vom <strong>Balc\u00f3n del Mediterr\u00e1neo<\/strong> aus zugesehen hast, wie die Sonne im Mittelmeer versinkt, wirst du dich fragen, warum du so viel Zeit am Strand verbracht hast. Dies ist mein Reisef\u00fchrer f\u00fcr das Benidorm, das die meisten Besucher komplett verpassen.   <\/p>\t\t\t\t\t\t\t\t<\/div>\n\t\t\t\t\t<\/div>\n\t\t\t\t<\/div>\n\t\t<div class=\"elementor-element elementor-element-c6fb49f e-flex e-con-boxed e-con e-parent\" data-id=\"c6fb49f\" data-element_type=\"container\" data-e-type=\"container\">\n\t\t\t\t\t<div class=\"e-con-inner\">\n\t\t\t\t<div class=\"elementor-element elementor-element-6c8cc95 elementor-widget elementor-widget-heading\" data-id=\"6c8cc95\" data-element_type=\"widget\" data-e-type=\"widget\" data-widget_type=\"heading.default\">\n\t\t\t\t\t<h2 class=\"elementor-heading-title elementor-size-default\">Warum die Altstadt von Benidorm eine ganz andere Welt ist als die Neustadt<\/h2>\t\t\t\t<\/div>\n\t\t\t\t<div class=\"elementor-element elementor-element-da12b52 elementor-widget elementor-widget-text-editor\" data-id=\"da12b52\" data-element_type=\"widget\" data-e-type=\"widget\" data-widget_type=\"text-editor.default\">\n\t\t\t\t\t\t\t\t\tLass uns eines klarstellen. Die Neustadt, die Wolkenkratzer, die Neonlichter, die Karaoke-Bars \u2013 das ist nur eine Seite von Benidorm. Es macht Spa\u00df, klar. Aber die Altstadt hat eine ganz andere Energie.   \t\t\t\t\t\t\t\t<\/div>\n\t\t\t\t<div class=\"elementor-element elementor-element-0130f86 elementor-widget elementor-widget-text-editor\" data-id=\"0130f86\" data-element_type=\"widget\" data-e-type=\"widget\" data-widget_type=\"text-editor.default\">\n\t\t\t\t\t\t\t\t\t<p>Wir sprechen hier von einem richtigen spanischen Viertel, das auf einer felsigen Landzunge namens <strong>Cerro Canfali<\/strong> thront, genau zwischen den Str\u00e4nden Levante und Poniente.<\/p>\t\t\t\t\t\t\t\t<\/div>\n\t\t\t\t<div class=\"elementor-element elementor-element-48eab46 elementor-widget elementor-widget-text-editor\" data-id=\"48eab46\" data-element_type=\"widget\" data-e-type=\"widget\" data-widget_type=\"text-editor.default\">\n\t\t\t\t\t\t\t\t\t<p>Statt britischer Pubs und ganzt\u00e4gigem Fr\u00fchst\u00fcck findest du hier ein Labyrinth aus wei\u00df get\u00fcnchten Gassen, traditionellen Tapas-Bars, die sich bis auf den B\u00fcrgersteig erstrecken, und kleinen L\u00e4den, die Dinge verkaufen, die keine aufblasbaren Flamingos sind. Das Tempo ist langsamer. Die Preise sind niedriger. Es ist die Art von Ort, an dem du um eine Ecke biegst und pl\u00f6tzlich ein Gitarrist vor einer winzigen Bodega Flamenco spielt.   <\/p>\t\t\t\t\t\t\t\t<\/div>\n\t\t\t\t<div class=\"elementor-element elementor-element-397d19c elementor-widget elementor-widget-text-editor\" data-id=\"397d19c\" data-element_type=\"widget\" data-e-type=\"widget\" data-widget_type=\"text-editor.default\">\n\t\t\t\t\t\t\t\t\tDer Morgen eignet sich am besten f\u00fcr einen ruhigen Spaziergang, bevor die Menschenmassen eintreffen. Die Abende bringen eine andere Atmosph\u00e4re mit sich: lebhaft, gesellig, mit Live-Musik, die auf den Pl\u00e4tzen auftaucht. So oder so, es ist klasse.  \t\t\t\t\t\t\t\t<\/div>\n\t\t\t\t\t<\/div>\n\t\t\t\t<\/div>\n\t\t<div class=\"elementor-element elementor-element-38f626f e-flex e-con-boxed e-con e-parent\" data-id=\"38f626f\" data-element_type=\"container\" data-e-type=\"container\">\n\t\t\t\t\t<div class=\"e-con-inner\">\n\t\t\t\t<div class=\"elementor-element elementor-element-d0d94db elementor-widget elementor-widget-heading\" data-id=\"d0d94db\" data-element_type=\"widget\" data-e-type=\"widget\" data-widget_type=\"heading.default\">\n\t\t\t\t\t<h2 class=\"elementor-heading-title elementor-size-default\">Tapas-Gasse: Calle Santo Domingo und wo man essen kann<\/h2>\t\t\t\t<\/div>\n\t\t\t\t<div class=\"elementor-element elementor-element-e678739 elementor-widget elementor-widget-text-editor\" data-id=\"e678739\" data-element_type=\"widget\" data-e-type=\"widget\" data-widget_type=\"text-editor.default\">\n\t\t\t\t\t\t\t\t\t<p>Mitten im Herzen der Altstadt von Benidorm gibt es eine Fu\u00dfg\u00e4ngerzone namens <strong>Calle Santo Domingo<\/strong> \u2013 obwohl jeder sie einfach <strong>Tapas-Gasse<\/strong> nennt. Auf beiden Seiten der Stra\u00dfe reihen sich <strong><a href=\"https:\/\/rentiago.com\/best-pubs-in-benidorm-2026-guide-nightlife-guide\/\">Kneipen<\/a><\/strong> und <strong><a href=\"https:\/\/rentiago.com\/best-places-to-eat-in-benidorm\/\">Restaurants<\/a><\/strong> aneinander, deren Theken mit herrlichen Tapas- und Montaditos-Auslagen best\u00fcckt sind. Die Spanier haben ein altes Sprichwort: \u201eLa comida entra por los ojos\u201c, was so viel bedeutet wie: Das Essen geht durch die Augen. Nirgendwo trifft das mehr zu als hier.   <\/p>\t\t\t\t\t\t\t\t<\/div>\n\t\t\t\t<div class=\"elementor-element elementor-element-fd4cf16 elementor-widget elementor-widget-text-editor\" data-id=\"fd4cf16\" data-element_type=\"widget\" data-e-type=\"widget\" data-widget_type=\"text-editor.default\">\n\t\t\t\t\t\t\t\t\t<p>Du findest sie direkt hinter der <strong>Plaza de la Constituci\u00f3n<\/strong>, leicht zu Fu\u00df vom Levante- oder Poniente-Strand aus zu erreichen. Der Eintritt ist frei. Komm einfach vorbei, such dir eine Bar aus und zeig auf das, was dir gef\u00e4llt. Die Preise sind angemessen. Ein Teller Tapas und ein Bier f\u00fcr ein paar Pfund? Das ist genau die Art von Rechnung, die mir gef\u00e4llt.     <\/p>\t\t\t\t\t\t\t\t<\/div>\n\t\t\t\t<div class=\"elementor-element elementor-element-5660689 elementor-widget elementor-widget-image\" data-id=\"5660689\" data-element_type=\"widget\" data-e-type=\"widget\" data-widget_type=\"image.default\">\n\t\t\t\t\t\t\t\t\t\t\t\t<figure class=\"wp-caption\">\n\t\t\t\t\t\t\t\t\t\t<img fetchpriority=\"high\" decoding=\"async\" width=\"800\" height=\"450\" src=\"https:\/\/rentiago.com\/wp-content\/uploads\/2026\/04\/benidorm-old-town-tapas-alley-calle-santo-domingo-1024x576.webp\" class=\"attachment-large size-large wp-image-12464\" alt=\"Belebte Tapas-Gasse in der Altstadt von Benidorm, in der Menschen auf der Calle Santo Domingo speisen und spanische Tapas genie\u00dfen.\" srcset=\"https:\/\/rentiago.com\/wp-content\/uploads\/2026\/04\/benidorm-old-town-tapas-alley-calle-santo-domingo-1024x576.webp 1024w, https:\/\/rentiago.com\/wp-content\/uploads\/2026\/04\/benidorm-old-town-tapas-alley-calle-santo-domingo-300x169.webp 300w, https:\/\/rentiago.com\/wp-content\/uploads\/2026\/04\/benidorm-old-town-tapas-alley-calle-santo-domingo-768x432.webp 768w, https:\/\/rentiago.com\/wp-content\/uploads\/2026\/04\/benidorm-old-town-tapas-alley-calle-santo-domingo.webp 1200w\" sizes=\"(max-width: 800px) 100vw, 800px\" \/>\t\t\t\t\t\t\t\t\t\t\t<figcaption class=\"widget-image-caption wp-caption-text\">Tapas-Gasse (Calle Santo Domingo) \u2013 das Herz der kulinarischen Szene der Altstadt von Benidorm.<\/figcaption>\n\t\t\t\t\t\t\t\t\t\t<\/figure>\n\t\t\t\t\t\t\t\t\t<\/div>\n\t\t\t\t<div class=\"elementor-element elementor-element-7e10e3e elementor-widget elementor-widget-text-editor\" data-id=\"7e10e3e\" data-element_type=\"widget\" data-e-type=\"widget\" data-widget_type=\"text-editor.default\">\n\t\t\t\t\t\t\t\t\t<p>Ein paar Lokale, die du kennen solltest. <strong>La Rana<\/strong> macht die besten Knoblauchgarnelen in der Altstadt \u2013 richtig knoblauchlastig, in Oliven\u00f6l schwimmend, perfekt mit Brot aufgetunkt. <strong>Tasca y Basta<\/strong> ist genial f\u00fcr traditionelle Tapas, gut gemacht und ohne Schnickschnack.<\/p>\t\t\t\t\t\t\t\t<\/div>\n\t\t\t\t<div class=\"elementor-element elementor-element-3cc9c29 elementor-widget elementor-widget-text-editor\" data-id=\"3cc9c29\" data-element_type=\"widget\" data-e-type=\"widget\" data-widget_type=\"text-editor.default\">\n\t\t\t\t\t\t\t\t\t<p>F\u00fcr ein bisschen von allem ist das <strong>Amigos Bistro von Nas &amp; Dino<\/strong> eine sichere Wahl mit einer sch\u00f6nen Terrasse. Ehrlich gesagt gibt es in der Tapas-Gasse keine schlechte Wahl. Folge einfach deiner Nase.  <\/p>\t\t\t\t\t\t\t\t<\/div>\n\t\t\t\t<div class=\"elementor-element elementor-element-5b2151e elementor-widget elementor-widget-text-editor\" data-id=\"5b2151e\" data-element_type=\"widget\" data-e-type=\"widget\" data-widget_type=\"text-editor.default\">\n\t\t\t\t\t\t\t\t\tEin Tipp: Geh zu den spanischen Essenszeiten, nicht zu den britischen. Das hei\u00dft Mittagessen ab etwa 13:30 Uhr und Abendessen ab 21 Uhr. So bekommst du die beste Atmosph\u00e4re und das frischeste Essen.  \t\t\t\t\t\t\t\t<\/div>\n\t\t\t\t\t<\/div>\n\t\t\t\t<\/div>\n\t\t<div class=\"elementor-element elementor-element-9f5ecfa e-flex e-con-boxed e-con e-parent\" data-id=\"9f5ecfa\" data-element_type=\"container\" data-e-type=\"container\">\n\t\t\t\t\t<div class=\"e-con-inner\">\n\t\t\t\t<div class=\"elementor-element elementor-element-6072ad2 elementor-widget elementor-widget-heading\" data-id=\"6072ad2\" data-element_type=\"widget\" data-e-type=\"widget\" data-widget_type=\"heading.default\">\n\t\t\t\t\t<h2 class=\"elementor-heading-title elementor-size-default\">Der Balc\u00f3n del Mediterr\u00e1neo: Piraten, Kanonen und der beste Ausblick der Stadt<\/h2>\t\t\t\t<\/div>\n\t\t\t\t<div class=\"elementor-element elementor-element-f0222fc elementor-widget elementor-widget-text-editor\" data-id=\"f0222fc\" data-element_type=\"widget\" data-e-type=\"widget\" data-widget_type=\"text-editor.default\">\n\t\t\t\t\t\t\t\t\t<p>Geh weiter durch die Altstadt in Richtung Meer und du erreichst den Ort, der f\u00fcr mich der mit Abstand beste Aussichtspunkt an der gesamten Costa Blanca ist: der <strong>Balc\u00f3n del Mediterr\u00e1neo<\/strong>. Es ist ein f\u00fcnfeckiger Aussichtspunkt an der \u00e4u\u00dfersten Spitze des Cerro Canfali, der auf einer felsigen Klippe thront, die direkt ins Wasser ragt. Auf der einen Seite erstreckt sich der Levante-Strand \u00fcber fast zwei Kilometer. Auf der anderen Seite schwingt sich der Poniente-Strand in Richtung Yachthafen. Und direkt vor dir erstreckt sich das Mittelmeer bis ins Unendliche.    <\/p>\t\t\t\t\t\t\t\t<\/div>\n\t\t\t\t<div class=\"elementor-element elementor-element-522d1ce elementor-widget elementor-widget-text-editor\" data-id=\"522d1ce\" data-element_type=\"widget\" data-e-type=\"widget\" data-widget_type=\"text-editor.default\">\n\t\t\t\t\t\t\t\t\tDie wei\u00dfe Steinbalustrade ist ein echter Klassiker. Du hast sie schon auf tausend Fotos gesehen, auch wenn du nicht wusstest, wie sie hei\u00dft. Aber die Geschichte hat mich wirklich beeindruckt. Genau an dieser Stelle stand einst eine Festung, die zwischen dem 14. und 17. Jahrhundert zur Verteidigung gegen algerische und berberische Piraten erbaut wurde.   \t\t\t\t\t\t\t\t<\/div>\n\t\t\t\t<div class=\"elementor-element elementor-element-b1cd5f7 elementor-widget elementor-widget-text-editor\" data-id=\"b1cd5f7\" data-element_type=\"widget\" data-e-type=\"widget\" data-widget_type=\"text-editor.default\">\n\t\t\t\t\t\t\t\t\tDann, im Jahr 1812, eroberten die Franzosen die Burg, und die englische Flotte zerst\u00f6rte den gr\u00f6\u00dften Teil davon mit Kanonenfeuer. Heute sind nur noch Spuren der alten Mauern erhalten, zusammen mit vier Kanonen auf der Pla\u00e7a del Castell, die als Denkmal dienen. \t\t\t\t\t\t\t\t<\/div>\n\t\t\t\t<div class=\"elementor-element elementor-element-008b79b elementor-widget elementor-widget-text-editor\" data-id=\"008b79b\" data-element_type=\"widget\" data-e-type=\"widget\" data-widget_type=\"text-editor.default\">\n\t\t\t\t\t\t\t\t\t<p>Hier gibt es auch eine sch\u00f6ne romantische Tradition. Auf der <strong>Plaza del Castillo<\/strong> befestigen Paare Vorh\u00e4ngeschl\u00f6sser am Brunnen, schreiben ihre Namen auf das Metall, bevor sie es verschlie\u00dfen und den Schl\u00fcssel hineinwerfen. Es ist ein bisschen kitschig, ich wei\u00df. Aber dort bei Sonnenuntergang mit jemandem zu stehen, den du liebst, und auf eine der sch\u00f6nsten K\u00fcsten Europas zu blicken? Da nehme ich den Kitsch gerne in Kauf.    <\/p>\t\t\t\t\t\t\t\t<\/div>\n\t\t\t\t\t<\/div>\n\t\t\t\t<\/div>\n\t\t<div class=\"elementor-element elementor-element-9689abb e-flex e-con-boxed e-con e-parent\" data-id=\"9689abb\" data-element_type=\"container\" data-e-type=\"container\">\n\t\t\t\t\t<div class=\"e-con-inner\">\n\t\t\t\t<div class=\"elementor-element elementor-element-2152952 elementor-widget elementor-widget-heading\" data-id=\"2152952\" data-element_type=\"widget\" data-e-type=\"widget\" data-widget_type=\"heading.default\">\n\t\t\t\t\t<h2 class=\"elementor-heading-title elementor-size-default\">Die Kirche San Jaime und Santa Ana<\/h2>\t\t\t\t<\/div>\n\t\t\t\t<div class=\"elementor-element elementor-element-1830a36 elementor-widget elementor-widget-text-editor\" data-id=\"1830a36\" data-element_type=\"widget\" data-e-type=\"widget\" data-widget_type=\"text-editor.default\">\n\t\t\t\t\t\t\t\t\t<p>Bevor du den Balc\u00f3n erreichst, kommst du an dem Platz vorbei, an dem die <strong>Kirche San Jaime und Santa Ana<\/strong> am h\u00f6chsten Punkt der Altstadt steht. Du kannst sie nicht \u00fcbersehen. Ihre blaue Keramikkuppel f\u00e4ngt das Licht ein und ist kilometerweit sichtbar. Sie ist eines der bekanntesten Wahrzeichen von Benidorm und wacht seit ihrer Errichtung zwischen 1740 und 1780 \u00fcber die Stadt.   <\/p>\t\t\t\t\t\t\t\t<\/div>\n\t\t\t\t<div class=\"elementor-element elementor-element-82c0ea4 elementor-widget elementor-widget-text-editor\" data-id=\"82c0ea4\" data-element_type=\"widget\" data-e-type=\"widget\" data-widget_type=\"text-editor.default\">\n\t\t\t\t\t\t\t\t\tDie Geschichte dahinter ist gro\u00dfartig. Der lokalen Legende zufolge entdeckten Fischer ein kleines Boot, das vor der K\u00fcste trieb und auf dem niemand an Bord war. Darin fanden sie eine geschnitzte Figur der Jungfrau Maria. Sie brachten sie an Land und verbrannten das Boot, um Krankheiten abzuwehren, doch die Holzfigur \u00fcberstand die Flammen v\u00f6llig unversehrt.   \t\t\t\t\t\t\t\t<\/div>\n\t\t\t\t<div class=\"elementor-element elementor-element-58edffc elementor-widget elementor-widget-text-editor\" data-id=\"58edffc\" data-element_type=\"widget\" data-e-type=\"widget\" data-widget_type=\"text-editor.default\">\n\t\t\t\t\t\t\t\t\t<p>Die Einwohner von Benidorm sahen darin ein Zeichen, und die <strong>Virgen del Sufragio<\/strong> wurde zur Schutzpatronin der Stadt. Die Kirche wurde ihr zu Ehren erbaut, und du kannst die originale geschnitzte Figur noch immer in einer Glasvitrine in der Kapelle sehen. <\/p>\t\t\t\t\t\t\t\t<\/div>\n\t\t\t\t<div class=\"elementor-element elementor-element-39c64fc elementor-widget elementor-widget-text-editor\" data-id=\"39c64fc\" data-element_type=\"widget\" data-e-type=\"widget\" data-widget_type=\"text-editor.default\">\n\t\t\t\t\t\t\t\t\tDer Eintritt ist frei, und selbst wenn du nicht religi\u00f6s bist, ist das k\u00fchle neoklassizistische Interieur eine willkommene Abwechslung von der Hitze. Ruhig, friedlich und ein echtes St\u00fcck von Benidorms Seele. \t\t\t\t\t\t\t\t<\/div>\n\t\t\t\t\t<\/div>\n\t\t\t\t<\/div>\n\t\t<div class=\"elementor-element elementor-element-21a16ba e-flex e-con-boxed e-con e-parent\" data-id=\"21a16ba\" data-element_type=\"container\" data-e-type=\"container\">\n\t\t\t\t\t<div class=\"e-con-inner\">\n\t\t\t\t<div class=\"elementor-element elementor-element-c10ec9a elementor-widget elementor-widget-heading\" data-id=\"c10ec9a\" data-element_type=\"widget\" data-e-type=\"widget\" data-widget_type=\"heading.default\">\n\t\t\t\t\t<h2 class=\"elementor-heading-title elementor-size-default\">Die Insel von Benidorm und die Legende vom Riesen<\/h2>\t\t\t\t<\/div>\n\t\t\t\t<div class=\"elementor-element elementor-element-986b5ed elementor-widget elementor-widget-text-editor\" data-id=\"986b5ed\" data-element_type=\"widget\" data-e-type=\"widget\" data-widget_type=\"text-editor.default\">\n\t\t\t\t\t\t\t\t\t<p>Vom Balc\u00f3n del Mediterr\u00e1neo aus kannst du die <strong>Insel von Benidorm<\/strong> in der Bucht nicht \u00fcbersehen, ein dramatischer Felsbrocken, der etwa 65.000 Quadratmeter bedeckt. Du kannst vom Yachthafen aus mit dem Boot dorthin fahren. Aber das Beste ist die Legende.  <\/p>\t\t\t\t\t\t\t\t<\/div>\n\t\t\t\t<div class=\"elementor-element elementor-element-a9adf39 elementor-widget elementor-widget-text-editor\" data-id=\"a9adf39\" data-element_type=\"widget\" data-e-type=\"widget\" data-widget_type=\"text-editor.default\">\n\t\t\t\t\t\t\t\t\t<p>Wenn du ins Landesinnere schaust, siehst du den <strong>Puig Campana<\/strong>, einen massiven Berg mit einer markanten Kerbe, die aus seinem Gipfel herausgeschnitten ist. Einem lokalen Mythos zufolge schlug ein Riese namens Rold\u00e1n in einem Wutanfall mit seinem Schwert auf den Berggipfel ein. Das St\u00fcck, das er abspaltete, flog durch die Luft, st\u00fcrzte ins Meer und wurde zur Insel Benidorm.  <\/p>\t\t\t\t\t\t\t\t<\/div>\n\t\t\t\t<div class=\"elementor-element elementor-element-0861056 elementor-widget elementor-widget-text-editor\" data-id=\"0861056\" data-element_type=\"widget\" data-e-type=\"widget\" data-widget_type=\"text-editor.default\">\n\t\t\t\t\t\t\t\t\tWenn man die Form des Berges und die Form der Insel betrachtet, sieht es tats\u00e4chlich so aus, als k\u00f6nnten sie wie Puzzleteile zusammenpassen. Die Besiedlung der Insel reicht etwa 7.000 Jahre zur\u00fcck, also wie auch immer die Wahrheit aussieht, sie ist schon sehr lange da. \t\t\t\t\t\t\t\t<\/div>\n\t\t\t\t\t<\/div>\n\t\t\t\t<\/div>\n\t\t<div class=\"elementor-element elementor-element-7ed66a2 e-flex e-con-boxed e-con e-parent\" data-id=\"7ed66a2\" data-element_type=\"container\" data-e-type=\"container\">\n\t\t\t\t\t<div class=\"e-con-inner\">\n\t\t\t\t<div class=\"elementor-element elementor-element-83fc827 elementor-widget elementor-widget-heading\" data-id=\"83fc827\" data-element_type=\"widget\" data-e-type=\"widget\" data-widget_type=\"heading.default\">\n\t\t\t\t\t<h2 class=\"elementor-heading-title elementor-size-default\">Beste Reisezeit und praktische Tipps<\/h2>\t\t\t\t<\/div>\n\t\t\t\t<div class=\"elementor-element elementor-element-60700aa elementor-widget elementor-widget-text-editor\" data-id=\"60700aa\" data-element_type=\"widget\" data-e-type=\"widget\" data-widget_type=\"text-editor.default\">\n\t\t\t\t\t\t\t\t\tDer Balc\u00f3n del Mediterr\u00e1neo und die Altstadt von Benidorm sind das ganze Jahr \u00fcber einen Besuch wert, aber hier ist mein Vorschlag:\t\t\t\t\t\t\t\t<\/div>\n\t\t\t\t<div class=\"elementor-element elementor-element-030ff9e elementor-widget elementor-widget-text-editor\" data-id=\"030ff9e\" data-element_type=\"widget\" data-e-type=\"widget\" data-widget_type=\"text-editor.default\">\n\t\t\t\t\t\t\t\t\t<ul><li><strong>Sonnenaufgang oder Sonnenuntergang<\/strong> ist die beste Zeit f\u00fcr den Balc\u00f3n. Das Licht ist traumhaft und die Fotos werden zehnmal besser. <\/li><li><strong>Vormittags vor Mittag<\/strong> ist ideal f\u00fcr einen entspannten Bummel durch die Stra\u00dfen der Altstadt ohne Menschenmassen.<\/li><li><strong>Mai bis Oktober<\/strong> ist die lebhafteste Zeit. Im Sommer (Juli\u2013August) ist es zwar voll, aber die Atmosph\u00e4re ist elektrisierend. <\/li><li><strong>Ab 21 Uhr<\/strong> erwacht die Tapas-Gasse zum Leben. K\u00fcnstler bauen ihre St\u00e4nde auf den Pl\u00e4tzen auf, Musiker spielen, und in der ganzen Gegend herrscht eine herrliche gesellige Stimmung. <\/li><li><strong>Anreise<\/strong>: Vom Levante-Strand aus gehst du bis zum Ende der Promenade und folgst den Schildern hinauf durch die Altstadt. Vom Poniente-Strand aus gehst du am Yachthafen vorbei und die Treppe von Mal Pas-Strand hinauf. <\/li><\/ul>\t\t\t\t\t\t\t\t<\/div>\n\t\t\t\t<div class=\"elementor-element elementor-element-f62d859 elementor-widget elementor-widget-text-editor\" data-id=\"f62d859\" data-element_type=\"widget\" data-e-type=\"widget\" data-widget_type=\"text-editor.default\">\n\t\t\t\t\t\t\t\t\t<p>Die Altstadt l\u00e4sst sich am besten zu Fu\u00df erkunden. Die Gassen sind eng und f\u00fcr den Verkehr gesperrt, was den halben Charme ausmacht. Wenn du Benidorm als Ausgangspunkt nutzt und andere Juwelen der Costa Blanca wie <strong><a href=\"https:\/\/rentiago.com\/de\/mietwagen-in-altea-mieten\/\">Altea<\/a><\/strong>, Guadalest oder <strong><a href=\"https:\/\/rentiago.com\/de\/mietwagen-in-villajoyosa-mieten\/\">Villajoyosa<\/a><\/strong> erkunden m\u00f6chtest, macht es dir das Leben viel leichter, ein Auto bei Rentiago zu mieten. <strong><a href=\"https:\/\/rentiago.com\/de\/autovermietung-in-spanien\/\">Rentiago<\/a><\/strong> betreibt zwei Abholstationen in Benidorm und dank der Alles-inklusive-Preise gibt es keine b\u00f6sen \u00dcberraschungen.  <\/p>\t\t\t\t\t\t\t\t<\/div>\n\t\t\t\t\t<\/div>\n\t\t\t\t<\/div>\n\t\t<div class=\"elementor-element elementor-element-4e6c41b e-flex e-con-boxed e-con e-parent\" data-id=\"4e6c41b\" data-element_type=\"container\" data-e-type=\"container\">\n\t\t\t\t\t<div class=\"e-con-inner\">\n\t\t\t\t<div class=\"elementor-element elementor-element-cf8aaef elementor-widget elementor-widget-heading\" data-id=\"cf8aaef\" data-element_type=\"widget\" data-e-type=\"widget\" data-widget_type=\"heading.default\">\n\t\t\t\t\t<h2 class=\"elementor-heading-title elementor-size-default\">Geh hin und sieh es dir selbst an<\/h2>\t\t\t\t<\/div>\n\t\t\t\t<div class=\"elementor-element elementor-element-449d7f7 elementor-widget elementor-widget-text-editor\" data-id=\"449d7f7\" data-element_type=\"widget\" data-e-type=\"widget\" data-widget_type=\"text-editor.default\">\n\t\t\t\t\t\t\t\t\tIch war schon unz\u00e4hlige Male in Benidorm, und die Altstadt ist immer noch mein Lieblingsort. Hier zeigt sich der wahre Charakter der Stadt: in den Tapas-Bars in der Calle Santo Domingo, in der blauen Kuppel der Kirche, die die Nachmittagssonne einf\u00e4ngt, und in der Aussicht vom Balc\u00f3n, die mich jedes Mal wieder innehalten und staunen l\u00e4sst. \t\t\t\t\t\t\t\t<\/div>\n\t\t\t\t<div class=\"elementor-element elementor-element-9bfb45e elementor-widget elementor-widget-text-editor\" data-id=\"9bfb45e\" data-element_type=\"widget\" data-e-type=\"widget\" data-widget_type=\"text-editor.default\">\n\t\t\t\t\t\t\t\t\tWenn du in Benidorm nur eine Sache machst, die nicht am Strand liegt, dann soll es das sein. Spaziere durch die Altstadt. Schlemme dich durch die Tapas-Gasse. Stell dich auf den Balc\u00f3n del Mediterr\u00e1neo und sieh zu, wie die Sonne hinter dem Horizont versinkt. Ich verspreche dir, es wird deine Sicht auf diese Stadt komplett ver\u00e4ndern.    \t\t\t\t\t\t\t\t<\/div>\n\t\t\t\t\t<\/div>\n\t\t\t\t<\/div>\n\t\t\t\t<\/div>\n\t\t","protected":false},"excerpt":{"rendered":"<p>Die meisten Leute fliegen nach Benidorm, lassen sich am Levante-Strand nieder, trinken Sangria, bis die Sonne untergeht, und fliegen nach Hause, in dem Glauben, sie h\u00e4tten schon alles gesehen. Das haben sie nicht. Nicht einmal ann\u00e4hernd. Denn das Beste, der Teil, der mich richtig in diesen Ort verliebt hat, ist die Altstadt von Benidorm. Die [&hellip;]<\/p>\n","protected":false},"author":2,"featured_media":12465,"comment_status":"closed","ping_status":"open","sticky":false,"template":"","format":"standard","meta":{"footnotes":""},"categories":[284],"tags":[],"author-persona":[283],"class_list":["post-12466","post","type-post","status-publish","format-standard","has-post-thumbnail","hentry","category-die-besten-aktivitaten-in-benidorm","author-persona-laura"],"_links":{"self":[{"href":"https:\/\/rentiago.com\/de\/wp-json\/wp\/v2\/posts\/12466","targetHints":{"allow":["GET"]}}],"collection":[{"href":"https:\/\/rentiago.com\/de\/wp-json\/wp\/v2\/posts"}],"about":[{"href":"https:\/\/rentiago.com\/de\/wp-json\/wp\/v2\/types\/post"}],"author":[{"embeddable":true,"href":"https:\/\/rentiago.com\/de\/wp-json\/wp\/v2\/users\/2"}],"replies":[{"embeddable":true,"href":"https:\/\/rentiago.com\/de\/wp-json\/wp\/v2\/comments?post=12466"}],"version-history":[{"count":0,"href":"https:\/\/rentiago.com\/de\/wp-json\/wp\/v2\/posts\/12466\/revisions"}],"wp:featuredmedia":[{"embeddable":true,"href":"https:\/\/rentiago.com\/de\/wp-json\/wp\/v2\/media\/12465"}],"wp:attachment":[{"href":"https:\/\/rentiago.com\/de\/wp-json\/wp\/v2\/media?parent=12466"}],"wp:term":[{"taxonomy":"category","embeddable":true,"href":"https:\/\/rentiago.com\/de\/wp-json\/wp\/v2\/categories?post=12466"},{"taxonomy":"post_tag","embeddable":true,"href":"https:\/\/rentiago.com\/de\/wp-json\/wp\/v2\/tags?post=12466"},{"taxonomy":"author-persona","embeddable":true,"href":"https:\/\/rentiago.com\/de\/wp-json\/wp\/v2\/author-persona?post=12466"}],"curies":[{"name":"wp","href":"https:\/\/api.w.org\/{rel}","templated":true}]}}