{"id":9801,"date":"2025-04-16T11:39:26","date_gmt":"2025-04-16T10:39:26","guid":{"rendered":"https:\/\/rentiago.com\/101-tipp-mit-csinalj-benidormban-ha-esik-az-eso\/"},"modified":"2026-02-03T08:55:48","modified_gmt":"2026-02-03T07:55:48","slug":"10-tipp-mit-csinalj-benidormban-ha-esik-az-eso","status":"publish","type":"post","link":"https:\/\/rentiago.com\/hu\/10-tipp-mit-csinalj-benidormban-ha-esik-az-eso\/","title":{"rendered":"10+1 tipp: mit csin\u00e1lj Benidormban, ha esik az es\u0151"},"content":{"rendered":"\t\t<div data-elementor-type=\"wp-post\" data-elementor-id=\"9801\" class=\"elementor elementor-9801 elementor-6431\" data-elementor-post-type=\"post\">\n\t\t\t\t<div class=\"elementor-element elementor-element-1a2f40f e-flex e-con-boxed e-con e-parent\" data-id=\"1a2f40f\" data-element_type=\"container\" data-e-type=\"container\">\n\t\t\t\t\t<div class=\"e-con-inner\">\n\t\t\t\t<div class=\"elementor-element elementor-element-7aff20f elementor-widget elementor-widget-text-editor\" data-id=\"7aff20f\" data-element_type=\"widget\" data-e-type=\"widget\" data-widget_type=\"text-editor.default\">\n\t\t\t\t\t\t\t\t\t<p>Szia, kalandor t\u00e1rsam! Egy utaz\u00e1si blogger vagyok, aki szereti a naps\u00fct\u00e9st, a sangri\u00e1t \u00e9s az alkalmi meglepet\u00e9sszer\u0171 es\u0151z\u00e9seket. Nemr\u00e9g egy ritka sz\u00fcrke napon Benidorm gy\u00f6ny\u00f6r\u0171 tengerparti v\u00e1ros\u00e1ban tal\u00e1ltam magam \u2013 igen, el\u0151fordul! De miel\u0151tt hagyn\u00e1d, hogy n\u00e9h\u00e1ny es\u0151csepp elrontsa a nyaral\u00e1sod hangulat\u00e1t, hadd mutassam meg, mi\u00e9rt ragyog Benidorm m\u00e9g a felh\u0151s \u00e9gbolt alatt is. \u00cdme, az \u00e9n kipr\u00f3b\u00e1lt \u00e9s bev\u00e1lt \u00fatmutat\u00f3m, hogy a legt\u00f6bbet hozd ki utaz\u00e1sodb\u00f3l <strong>Benidormban, ha esik az es\u0151.<\/strong><\/p>\n\t\t\t\t\t\t\t\t<\/div>\n\t\t\t\t\t<\/div>\n\t\t\t\t<\/div>\n\t\t<div class=\"elementor-element elementor-element-44ac894 e-flex e-con-boxed e-con e-parent\" data-id=\"44ac894\" data-element_type=\"container\" data-e-type=\"container\">\n\t\t\t\t\t<div class=\"e-con-inner\">\n\t\t\t\t<div class=\"elementor-element elementor-element-3e885c0 elementor-widget elementor-widget-heading\" data-id=\"3e885c0\" data-element_type=\"widget\" data-e-type=\"widget\" data-widget_type=\"heading.default\">\n\t\t\t\t\t<h2 class=\"elementor-heading-title elementor-size-default\">Fedezd fel az \u00f3v\u00e1ros var\u00e1zs\u00e1t (an\u00e9lk\u00fcl, hogy vizes lenn\u00e9l)<\/h2>\t\t\t\t<\/div>\n\t\t\t\t<div class=\"elementor-element elementor-element-97c89d8 elementor-widget elementor-widget-text-editor\" data-id=\"97c89d8\" data-element_type=\"widget\" data-e-type=\"widget\" data-widget_type=\"text-editor.default\">\n\t\t\t\t\t\t\t\t\t<p>Benidorm \u00f3v\u00e1rosa mindig \u00e9lvezetes, m\u00e9g akkor is, ha esik az es\u0151. A macskak\u00f6ves utc\u00e1kat fedett \u00e1rk\u00e1dok \u00e9s hangulatos kis boltok szeg\u00e9lyezik, amelyekben a k\u00e9zzel festett ker\u00e1mi\u00e1kt\u00f3l kezdve a furcsa szuven\u00edrekig mindent \u00e1rulnak. Az igazi var\u00e1zslatot azonban a <strong>Tapas Alley<\/strong> (Calle Santo Domingo) jelenti. Es\u0151 vagy napf\u00e9ny, ez a hely pezseg az energi\u00e1t\u00f3l \u00e9s az \u00edzekt\u0151l. A hangulatos tapasb\u00e1rok k\u00f6z\u00f6tt an\u00e9lk\u00fcl v\u00e1logathat, hogy eserny\u0151re lenne sz\u00fcks\u00e9ge. Az \u00e9n es\u0151s napom? Meleg krokett \u00e9s egy poh\u00e1r helyi v\u00f6r\u00f6sbor a La Cava Aragones\u00e1ban (\ud83d\udccdPl. de la Constituci\u00f3n, 2, 03501 Benidorm, Nyitva naponta: 11:00-00:00).<\/p>\n\t\t\t\t\t\t\t\t<\/div>\n\t\t\t\t\t<\/div>\n\t\t\t\t<\/div>\n\t\t<div class=\"elementor-element elementor-element-973ca6b e-flex e-con-boxed e-con e-parent\" data-id=\"973ca6b\" data-element_type=\"container\" data-e-type=\"container\">\n\t\t\t\t\t<div class=\"e-con-inner\">\n\t\t\t\t<div class=\"elementor-element elementor-element-e4f11ac elementor-widget elementor-widget-heading\" data-id=\"e4f11ac\" data-element_type=\"widget\" data-e-type=\"widget\" data-widget_type=\"heading.default\">\n\t\t\t\t\t<h2 class=\"elementor-heading-title elementor-size-default\">Mer\u00fclj el a kult\u00far\u00e1ban a Museo Boca del Calvari-ban<\/h2>\t\t\t\t<\/div>\n\t\t\t\t<div class=\"elementor-element elementor-element-ea932aa elementor-widget elementor-widget-text-editor\" data-id=\"ea932aa\" data-element_type=\"widget\" data-e-type=\"widget\" data-widget_type=\"text-editor.default\">\n\t\t\t\t\t\t\t\t\t<p>Ha Benidormban esik az es\u0151, az t\u00f6k\u00e9letes \u00fcr\u00fcgy arra, hogy egy kicsit kultur\u00e1l\u00f3dj. A Museo Boca del Calvari kicsi, de nagyszer\u0171. Az \u00f3v\u00e1ros sz\u00edv\u00e9ben tal\u00e1lhat\u00f3, \u00e9s a t\u00f6rt\u00e9nelmi visszatekint\u00e9sekt\u0151l a kort\u00e1rs spanyol m\u0171v\u00e9szetig terjed\u0151, v\u00e1ltakoz\u00f3 ki\u00e1ll\u00edt\u00e1sokat k\u00edn\u00e1l. \u00c9s most j\u00f6n a csavar \u2013 <strong>a l\u00e1togat\u00e1s ingyenes<\/strong>! \u00cdgy ha csak az es\u0151 el\u0151l menek\u00fclsz, akkor is okosabban \u00e9s sz\u00e1razabban fogsz kij\u00f6nni. (\ud83d\udccdC\/ Tom\u00e1s Ortu\u00f1o, s\/n, 03501 Benidorm, Nyitva keddt\u0151l vas\u00e1rnapig: 10:30-13:30 \u00e9s 17:00-20:00)<\/p>\n\t\t\t\t\t\t\t\t<\/div>\n\t\t\t\t\t<\/div>\n\t\t\t\t<\/div>\n\t\t<div class=\"elementor-element elementor-element-70fcc53 e-flex e-con-boxed e-con e-parent\" data-id=\"70fcc53\" data-element_type=\"container\" data-e-type=\"container\">\n\t\t\t\t\t<div class=\"e-con-inner\">\n\t\t\t\t<div class=\"elementor-element elementor-element-454b39a elementor-widget elementor-widget-heading\" data-id=\"454b39a\" data-element_type=\"widget\" data-e-type=\"widget\" data-widget_type=\"heading.default\">\n\t\t\t\t\t<h2 class=\"elementor-heading-title elementor-size-default\">Pr\u00f3b\u00e1ld ki a szerencs\u00e9det a Casino Mediterr\u00e1ne\u00f3ban, amikor Benidormban esik az es\u0151<\/h2>\t\t\t\t<\/div>\n\t\t\t\t<div class=\"elementor-element elementor-element-79780d1 elementor-widget elementor-widget-text-editor\" data-id=\"79780d1\" data-element_type=\"widget\" data-e-type=\"widget\" data-widget_type=\"text-editor.default\">\n\t\t\t\t\t\t\t\t\t<p>Szerencs\u00e9snek \u00e9rzed magad? Egy es\u0151s nap remek \u00fcr\u00fcgy arra, hogy kics\u00edpd magad \u00e9s megl\u00e1togasd a <strong>Casino Mediterr\u00e1neo Benidorm<\/strong>ot. Nem t\u00falz\u00e1sba vitt f\u00e9ny\u0171z\u00e9s, de \u00e9pp el\u00e9g csillog\u00e1s van benne ahhoz, hogy sz\u00f3rakoztat\u00f3 legyen. Tal\u00e1lhatsz itt nyer\u0151g\u00e9peket, p\u00f3kerasztalokat, rulettet \u00e9s egy \u00e9ttermet, amely meglep\u0151en j\u00f3 min\u0151s\u00e9g\u0171. B\u00f3nusz: van egy eleg\u00e1ns b\u00e1r, ahol kokt\u00e9lt kortyolhatsz, mik\u00f6zben n\u00e9zheted, ahogy az es\u0151 az Avenida del Mediterr\u00e1ne\u00f3n cs\u00f6p\u00f6g. (\ud83d\udccdAv. del Mediterr\u00e1neo, 55, 03503 Benidorm, Nyitva naponta: 10:00-03:00)<\/p>\n\t\t\t\t\t\t\t\t<\/div>\n\t\t\t\t\t<\/div>\n\t\t\t\t<\/div>\n\t\t<div class=\"elementor-element elementor-element-3efae3f e-flex e-con-boxed e-con e-parent\" data-id=\"3efae3f\" data-element_type=\"container\" data-e-type=\"container\">\n\t\t\t\t\t<div class=\"e-con-inner\">\n\t\t\t\t<div class=\"elementor-element elementor-element-5da8ad1 elementor-widget elementor-widget-heading\" data-id=\"5da8ad1\" data-element_type=\"widget\" data-e-type=\"widget\" data-widget_type=\"heading.default\">\n\t\t\t\t\t<h2 class=\"elementor-heading-title elementor-size-default\">Menj bowlingozni vagy j\u00e1tszhatsz belt\u00e9ri minigolfot m\u00e9g akkor is, ha esik az es\u0151<\/h2>\t\t\t\t<\/div>\n\t\t\t\t<div class=\"elementor-element elementor-element-1663495 elementor-widget elementor-widget-text-editor\" data-id=\"1663495\" data-element_type=\"widget\" data-e-type=\"widget\" data-widget_type=\"text-editor.default\">\n\t\t\t\t\t\t\t\t\t<p>Ha gyerekekkel utazol \u2013 vagy csak te magad is nagy gyerek vagy \u2013 Benidorm gondoskodik r\u00f3lad. Az <strong>Ozone Bowling<\/strong> az \u00e9n szem\u00e9lyes kedvencem. Nem csak bowlingozhatsz n\u00e9h\u00e1ny menetet, de van j\u00e1t\u00e9kterem, snack b\u00e1r \u00e9s bili\u00e1rd is. T\u00f6k\u00e9letes egy vid\u00e1m, sz\u00e1razon elt\u00f6lt\u00f6tt d\u00e9lut\u00e1nra. (\ud83d\udccdC. Gerona, 18, 03503 Benidorm, Nyitva naponta: 12:00-01:00) A <strong>Planet Bowling<\/strong>ban is hasonl\u00f3 hangulatot tal\u00e1lsz. N\u00e9h\u00e1ny nagyobb sz\u00e1lloda, mint p\u00e9ld\u00e1ul a <strong>Melia Benidorm<\/strong>, fedett minigolfp\u00e1ly\u00e1t is k\u00edn\u00e1l, amely egy kis d\u00edj ellen\u00e9ben a nem vend\u00e9gek sz\u00e1m\u00e1ra is nyitva \u00e1ll \u2013 csak k\u00e9rdezd meg a recepci\u00f3n.<\/p>\n\t\t\t\t\t\t\t\t<\/div>\n\t\t\t\t\t<\/div>\n\t\t\t\t<\/div>\n\t\t<div class=\"elementor-element elementor-element-9977a99 e-flex e-con-boxed e-con e-parent\" data-id=\"9977a99\" data-element_type=\"container\" data-e-type=\"container\">\n\t\t\t\t\t<div class=\"e-con-inner\">\n\t\t\t\t<div class=\"elementor-element elementor-element-5e94cc6 elementor-widget elementor-widget-heading\" data-id=\"5e94cc6\" data-element_type=\"widget\" data-e-type=\"widget\" data-widget_type=\"heading.default\">\n\t\t\t\t\t<h2 class=\"elementor-heading-title elementor-size-default\">K\u00e9nyeztesd magad egy wellnessk\u00f6zpontban, ha esik az es\u0151 Benidormban<\/h2>\t\t\t\t<\/div>\n\t\t\t\t<div class=\"elementor-element elementor-element-8f6e953 elementor-widget elementor-widget-text-editor\" data-id=\"8f6e953\" data-element_type=\"widget\" data-e-type=\"widget\" data-widget_type=\"text-editor.default\">\n\t\t\t\t\t\t\t\t\t<p>Legy\u00fcnk \u0151szint\u00e9k: az es\u0151 t\u00f6k\u00e9letes \u00fcr\u00fcgy arra, hogy egy\u00e1ltal\u00e1n ne csin\u00e1ljunk semmit \u2013 m\u00e9ghozz\u00e1 f\u00e9ny\u0171z\u0151en. Az <strong>Asia Gardens Hotel &amp; Thai Spa<\/strong> nem vend\u00e9geknek is k\u00edn\u00e1l napijegyet, ahol f\u0171t\u00f6tt medenc\u00e9kben \u00e1ztathatod magad, massz\u00e1zst vehetsz ig\u00e9nybe, \u00e9s elmer\u00fclhetsz a thaif\u00f6ldi ihlet\u00e9s\u0171 k\u00f6rnyezetben. (\ud83d\udccdRotonda del Fuego, Terra M\u00edtica, 03509 Finestrat, Nyitva naponta: 10:00-20:00) A v\u00e1roshoz k\u00f6zelebb a <strong>Deloix Aqua Center<\/strong> egy m\u00e1sik nagyszer\u0171 lehet\u0151s\u00e9g term\u00e1lf\u00fcrd\u0151vel, szaun\u00e1val \u00e9s m\u00e9g hidroter\u00e1pi\u00e1val is.<\/p>\n\t\t\t\t\t\t\t\t<\/div>\n\t\t\t\t\t<\/div>\n\t\t\t\t<\/div>\n\t\t<div class=\"elementor-element elementor-element-64a6f8d e-flex e-con-boxed e-con e-parent\" data-id=\"64a6f8d\" data-element_type=\"container\" data-e-type=\"container\">\n\t\t\t\t\t<div class=\"e-con-inner\">\n\t\t\t\t<div class=\"elementor-element elementor-element-2e188aa elementor-widget elementor-widget-image\" data-id=\"2e188aa\" data-element_type=\"widget\" data-e-type=\"widget\" data-widget_type=\"image.default\">\n\t\t\t\t\t\t\t\t\t\t\t\t\t\t\t<img fetchpriority=\"high\" decoding=\"async\" width=\"800\" height=\"450\" src=\"https:\/\/rentiago.com\/wp-content\/uploads\/2025\/12\/spa-1024x576.webp\" class=\"attachment-large size-large wp-image-6434\" alt=\"Woman gets smeared during massage in Benidorm\" srcset=\"https:\/\/rentiago.com\/wp-content\/uploads\/2025\/12\/spa-1024x576.webp 1024w, https:\/\/rentiago.com\/wp-content\/uploads\/2025\/12\/spa-300x169.webp 300w, https:\/\/rentiago.com\/wp-content\/uploads\/2025\/12\/spa-768x432.webp 768w, https:\/\/rentiago.com\/wp-content\/uploads\/2025\/12\/spa.webp 1200w\" sizes=\"(max-width: 800px) 100vw, 800px\" \/>\t\t\t\t\t\t\t\t\t\t\t\t\t\t\t<\/div>\n\t\t\t\t\t<\/div>\n\t\t\t\t<\/div>\n\t\t<div class=\"elementor-element elementor-element-447488e e-flex e-con-boxed e-con e-parent\" data-id=\"447488e\" data-element_type=\"container\" data-e-type=\"container\">\n\t\t\t\t\t<div class=\"e-con-inner\">\n\t\t\t\t<div class=\"elementor-element elementor-element-3458842 elementor-widget elementor-widget-heading\" data-id=\"3458842\" data-element_type=\"widget\" data-e-type=\"widget\" data-widget_type=\"heading.default\">\n\t\t\t\t\t<h2 class=\"elementor-heading-title elementor-size-default\">Vacsora \u00e9s show a Benidorm Palace-ban<\/h2>\t\t\t\t<\/div>\n\t\t\t\t<div class=\"elementor-element elementor-element-cdc7fe7 elementor-widget elementor-widget-text-editor\" data-id=\"cdc7fe7\" data-element_type=\"widget\" data-e-type=\"widget\" data-widget_type=\"text-editor.default\">\n\t\t\t\t\t\t\t\t\t<p>Az es\u0151s \u00e9jszak\u00e1k csillog\u00e1st, pomp\u00e1t \u00e9s tal\u00e1n egy kis flittert k\u00edv\u00e1nnak. A <strong>Benidorm Palace<\/strong> egy ikonikus helysz\u00edn, amely zen\u00e9vel, kabar\u00e9val \u00e9s lehengerl\u0151 t\u00e1ncel\u0151ad\u00e1sokkal teli vacsoram\u0171sorokat k\u00edn\u00e1l. Ez sokkal t\u00f6bb, mint egy turistacsapda \u2013 val\u00f3ban sz\u00f3rakoztat\u00f3, \u00e9s az \u00e9tel sem rossz! Foglalj el\u0151re, hogy biztos\u00edtsd magadnak a j\u00f3 helyet. (\ud83d\udccdAv. Dr. Severo Ochoa, 13, 03503 Benidorm, el\u0151ad\u00e1sok 20:30-kor, h\u00e9tf\u0151nk\u00e9nt z\u00e1rva. <a href=\"https:\/\/benidormpalace.com\/es\" target=\"_blank\" rel=\"noopener\">Jegyek \u00e9s inform\u00e1ci\u00f3<\/a>)<\/p>\n\t\t\t\t\t\t\t\t<\/div>\n\t\t\t\t\t<\/div>\n\t\t\t\t<\/div>\n\t\t<div class=\"elementor-element elementor-element-8d5e394 e-flex e-con-boxed e-con e-parent\" data-id=\"8d5e394\" data-element_type=\"container\" data-e-type=\"container\">\n\t\t\t\t\t<div class=\"e-con-inner\">\n\t\t\t\t<div class=\"elementor-element elementor-element-294f747 elementor-widget elementor-widget-heading\" data-id=\"294f747\" data-element_type=\"widget\" data-e-type=\"widget\" data-widget_type=\"heading.default\">\n\t\t\t\t\t<h2 class=\"elementor-heading-title elementor-size-default\">V\u00e1s\u00e1rolj Benidormban, am\u00edg az es\u0151 el\u00e1ll<\/h2>\t\t\t\t<\/div>\n\t\t\t\t<div class=\"elementor-element elementor-element-b62ea53 elementor-widget elementor-widget-text-editor\" data-id=\"b62ea53\" data-element_type=\"widget\" data-e-type=\"widget\" data-widget_type=\"text-editor.default\">\n\t\t\t\t\t\t\t\t\t<p>Ha az id\u0151j\u00e1r\u00e1s nem javul, tegy\u00e9l egy r\u00f6vid kir\u00e1ndul\u00e1st a k\u00f6zeli Finestratban tal\u00e1lhat\u00f3 <strong>La Marina Shopping Centre<\/strong>. Ez Benidorm f\u0151 bev\u00e1s\u00e1rl\u00f3k\u00f6zpontja, ahol nagy divatm\u00e1rk\u00e1k, \u00e9ttermek \u00e9s m\u00e9g mozi is tal\u00e1lhat\u00f3. Van egy tet\u0151t\u00e9ri sz\u00f3rakoz\u00f3hely is a gyerekeknek (arra az esetre, ha a nap az\u00e9rt m\u00e9giscsak el\u0151bukkanna). (\ud83d\udccdAv. Pa\u00eds Valenci\u00e0, 2, 03509 Finestrat, Nyitva: H-Szo: 10:00-22:00. <a href=\"https:\/\/cclamarina.com\/es\/\" target=\"_blank\" rel=\"noopener\">Weboldal<\/a>)<\/p>\n\t\t\t\t\t\t\t\t<\/div>\n\t\t\t\t\t<\/div>\n\t\t\t\t<\/div>\n\t\t<div class=\"elementor-element elementor-element-c894c9d e-flex e-con-boxed e-con e-parent\" data-id=\"c894c9d\" data-element_type=\"container\" data-e-type=\"container\">\n\t\t\t\t\t<div class=\"e-con-inner\">\n\t\t\t\t<div class=\"elementor-element elementor-element-849b1d6 elementor-widget elementor-widget-heading\" data-id=\"849b1d6\" data-element_type=\"widget\" data-e-type=\"widget\" data-widget_type=\"heading.default\">\n\t\t\t\t\t<h2 class=\"elementor-heading-title elementor-size-default\">Tanulj meg \u00fagy f\u0151zni, mint egy helyi<\/h2>\t\t\t\t<\/div>\n\t\t\t\t<div class=\"elementor-element elementor-element-b055349 elementor-widget elementor-widget-text-editor\" data-id=\"b055349\" data-element_type=\"widget\" data-e-type=\"widget\" data-widget_type=\"text-editor.default\">\n\t\t\t\t\t\t\t\t\t<p>\u00cdme egy \u00edzletes m\u00f3dja az es\u0151s napok \u00e1tv\u00e9szel\u00e9s\u00e9nek: vegy\u00e9l r\u00e9szt egy <strong>spanyol f\u0151z\u0151tanfolyam<\/strong>on. Sz\u00e1mos helyi s\u00e9f k\u00edn\u00e1l foglalkoz\u00e1sokat, ahol megtanulhatsz paell\u00e1t, tortill\u00e1t vagy friss tengeri herkenty\u0171ket f\u0151zni a semmib\u0151l \u2013 plusz bor, mindig bor. N\u00e9zd meg a <strong>Benidorm Cooking Experience<\/strong>-t, ahol kis, gyakorlatias \u00f3r\u00e1kat tartanak az \u00f3v\u00e1rosban. Az \u00f3r\u00e1k \u00e1ltal\u00e1ban 2-3 \u00f3r\u00e1sak, \u00e9s tartalmazz\u00e1k az \u00f6sszes hozz\u00e1val\u00f3t \u00e9s italt. <a href=\"https:\/\/www.benidormcookingexperience.com\" target=\"_blank\" rel=\"noopener\">Foglal\u00e1si inform\u00e1ci\u00f3k<\/a><\/p>\n\t\t\t\t\t\t\t\t<\/div>\n\t\t\t\t\t<\/div>\n\t\t\t\t<\/div>\n\t\t<div class=\"elementor-element elementor-element-e9e3597 e-flex e-con-boxed e-con e-parent\" data-id=\"e9e3597\" data-element_type=\"container\" data-e-type=\"container\">\n\t\t\t\t\t<div class=\"e-con-inner\">\n\t\t\t\t<div class=\"elementor-element elementor-element-0ca8896 elementor-widget elementor-widget-image\" data-id=\"0ca8896\" data-element_type=\"widget\" data-e-type=\"widget\" data-widget_type=\"image.default\">\n\t\t\t\t\t\t\t\t\t\t\t\t\t\t\t<img decoding=\"async\" width=\"800\" height=\"450\" src=\"https:\/\/rentiago.com\/wp-content\/uploads\/2025\/12\/paella-1024x576.webp\" class=\"attachment-large size-large wp-image-6448\" alt=\"Hagyom\u00e1nyos spanyol tengeri paella serpeny\u0151ben t\u00e1lalva, friss alapanyagokb\u00f3l k\u00e9sz\u00edtve.\" srcset=\"https:\/\/rentiago.com\/wp-content\/uploads\/2025\/12\/paella-1024x576.webp 1024w, https:\/\/rentiago.com\/wp-content\/uploads\/2025\/12\/paella-300x169.webp 300w, https:\/\/rentiago.com\/wp-content\/uploads\/2025\/12\/paella-768x432.webp 768w, https:\/\/rentiago.com\/wp-content\/uploads\/2025\/12\/paella.webp 1200w\" sizes=\"(max-width: 800px) 100vw, 800px\" \/>\t\t\t\t\t\t\t\t\t\t\t\t\t\t\t<\/div>\n\t\t\t\t\t<\/div>\n\t\t\t\t<\/div>\n\t\t<div class=\"elementor-element elementor-element-da1b718 e-flex e-con-boxed e-con e-parent\" data-id=\"da1b718\" data-element_type=\"container\" data-e-type=\"container\">\n\t\t\t\t\t<div class=\"e-con-inner\">\n\t\t\t\t<div class=\"elementor-element elementor-element-e475b84 elementor-widget elementor-widget-heading\" data-id=\"e475b84\" data-element_type=\"widget\" data-e-type=\"widget\" data-widget_type=\"heading.default\">\n\t\t\t\t\t<h2 class=\"elementor-heading-title elementor-size-default\">Fedezd fel a Benidorm-i fedett piacot, ha esik az es\u0151<\/h2>\t\t\t\t<\/div>\n\t\t\t\t<div class=\"elementor-element elementor-element-6354e38 elementor-widget elementor-widget-text-editor\" data-id=\"6354e38\" data-element_type=\"widget\" data-e-type=\"widget\" data-widget_type=\"text-editor.default\">\n\t\t\t\t\t\t\t\t\t<p>Ha a helyi hangulatra v\u00e1gysz, n\u00e9zz be a <strong>Mercado Municipal de Benidorm<\/strong>ba. Ez a fedett piac \u00edzel\u00edt\u0151t ad a mindennapi spanyol \u00e9letb\u0151l \u2013 sz\u00f3 szerint. Bolyongj a p\u00e1colt h\u00fasokat, sajtokat, olajbogy\u00f3t \u00e9s szezon\u00e1lis gy\u00fcm\u00f6lcs\u00f6ket \u00e1rus\u00edt\u00f3 standok k\u00f6z\u00f6tt. Felfedez\u00e9s k\u00f6zben m\u00e9g egy-k\u00e9t gyors tapast is el lehet fogyasztani. (\ud83d\udccdPlaza de la Constituci\u00f3n, 1, 03501 Benidorm, Nyitva: H-Szo: 08:00-14:00)<\/p>\n\t\t\t\t\t\t\t\t<\/div>\n\t\t\t\t\t<\/div>\n\t\t\t\t<\/div>\n\t\t<div class=\"elementor-element elementor-element-345baf8 e-flex e-con-boxed e-con e-parent\" data-id=\"345baf8\" data-element_type=\"container\" data-e-type=\"container\">\n\t\t\t\t\t<div class=\"e-con-inner\">\n\t\t\t\t<div class=\"elementor-element elementor-element-c562d1b elementor-widget elementor-widget-heading\" data-id=\"c562d1b\" data-element_type=\"widget\" data-e-type=\"widget\" data-widget_type=\"heading.default\">\n\t\t\t\t\t<h2 class=\"elementor-heading-title elementor-size-default\">Fogadd el az es\u0151t, k\u00e1v\u00e9z\u00f3i st\u00edlusban<\/h2>\t\t\t\t<\/div>\n\t\t\t\t<div class=\"elementor-element elementor-element-5c96562 elementor-widget elementor-widget-text-editor\" data-id=\"5c96562\" data-element_type=\"widget\" data-e-type=\"widget\" data-widget_type=\"text-editor.default\">\n\t\t\t\t\t\t\t\t\t<p>N\u00e9ha a legegyszer\u0171bb \u00f6r\u00f6m\u00f6k maradnak meg az emberben. Az egyik kedvenc m\u00f3dszerem, hogy \u00e9lvezzem Benidormot, amikor esik az es\u0151, hogy keresek egy hangulatos k\u00e1v\u00e9z\u00f3t, rendelek egy <strong>tejesk\u00e1v\u00e9t<\/strong> vagy <strong>churrost csokol\u00e1d\u00e9val<\/strong>, \u00e9s csak n\u00e9zem a t\u00f6rt\u00e9n\u00e9seket. Az \u00f3v\u00e1rosban az olyan helyek, mint a <strong>Caf\u00e9 Par\u00eds<\/strong> (\ud83d\udccdC. Alameda, 2, 03501 Benidorm) fedett teraszokat \u00e9s meleg hangulatot k\u00edn\u00e1lnak, amelyek m\u00e9g az es\u0151t is romantikuss\u00e1 teszik.<\/p>\n\t\t\t\t\t\t\t\t<\/div>\n\t\t\t\t\t<\/div>\n\t\t\t\t<\/div>\n\t\t<div class=\"elementor-element elementor-element-922116a e-flex e-con-boxed e-con e-parent\" data-id=\"922116a\" data-element_type=\"container\" data-e-type=\"container\">\n\t\t\t\t\t<div class=\"e-con-inner\">\n\t\t\t\t<div class=\"elementor-element elementor-element-7e4fd27 elementor-widget elementor-widget-heading\" data-id=\"7e4fd27\" data-element_type=\"widget\" data-e-type=\"widget\" data-widget_type=\"heading.default\">\n\t\t\t\t\t<h2 class=\"elementor-heading-title elementor-size-default\">Vagy\u2026 menek\u00fclj el az es\u0151 el\u0151l egy spont\u00e1n kir\u00e1ndul\u00e1ssal<\/h2>\t\t\t\t<\/div>\n\t\t\t\t<div class=\"elementor-element elementor-element-ec54172 elementor-widget elementor-widget-text-editor\" data-id=\"ec54172\" data-element_type=\"widget\" data-e-type=\"widget\" data-widget_type=\"text-editor.default\">\n\t\t\t\t\t\t\t\t\t<p>\u00cdme, egy kis utaz\u00e1si blogger titok: amikor Benidormban nem akar el\u00e1llni az es\u0151, aut\u00f3t b\u00e9relek, \u00e9s a napot \u00fcld\u00f6z\u00f6m. Sz\u00f3 szerint. Az olyan v\u00e1rosok, mint Alicante, Murcia vagy ak\u00e1r Almer\u00eda csak n\u00e9h\u00e1ny \u00f3r\u00e1nyira vannak innen, \u00e9s gyakran csontsz\u00e1razak, amikor Benidormot elkapja a blues. A <a href=\"https:\/\/rentiago.com\/hu\/autoberles-benidorm\/\">Rentiago<\/a>-val egyszer\u0171en foglalhatsz online, felveheted az aut\u00f3dat, \u00e9s bumm: m\u00e1ris a k\u00e9k \u00e9g \u00e9s a strand id\u0151j\u00e1r\u00e1s fel\u00e9 robogsz a kedvenc zen\u00e9iddel. Olyan, mintha a rossz id\u0151 kihagyn\u00e1 a \u201eskip\u201d gombot. Es\u0151? Soha nem hallottam r\u00f3la.<\/p>\n\t\t\t\t\t\t\t\t<\/div>\n\t\t\t\t\t<\/div>\n\t\t\t\t<\/div>\n\t\t\t\t<\/div>\n\t\t","protected":false},"excerpt":{"rendered":"<p>Szia, kalandor t\u00e1rsam! Egy utaz\u00e1si blogger vagyok, aki szereti a naps\u00fct\u00e9st, a sangri\u00e1t \u00e9s az alkalmi meglepet\u00e9sszer\u0171 es\u0151z\u00e9seket. Nemr\u00e9g egy ritka sz\u00fcrke napon Benidorm gy\u00f6ny\u00f6r\u0171 tengerparti v\u00e1ros\u00e1ban tal\u00e1ltam magam \u2013 igen, el\u0151fordul! De miel\u0151tt hagyn\u00e1d, hogy n\u00e9h\u00e1ny es\u0151csepp elrontsa a nyaral\u00e1sod hangulat\u00e1t, hadd mutassam meg, mi\u00e9rt ragyog Benidorm m\u00e9g a felh\u0151s \u00e9gbolt alatt is. \u00cdme, [&hellip;]<\/p>\n","protected":false},"author":2,"featured_media":6471,"comment_status":"closed","ping_status":"open","sticky":false,"template":"","format":"standard","meta":{"footnotes":""},"categories":[230],"tags":[],"author-persona":[257],"class_list":["post-9801","post","type-post","status-publish","format-standard","has-post-thumbnail","hentry","category-benidorm-felfedezese","author-persona-laura"],"_links":{"self":[{"href":"https:\/\/rentiago.com\/hu\/wp-json\/wp\/v2\/posts\/9801","targetHints":{"allow":["GET"]}}],"collection":[{"href":"https:\/\/rentiago.com\/hu\/wp-json\/wp\/v2\/posts"}],"about":[{"href":"https:\/\/rentiago.com\/hu\/wp-json\/wp\/v2\/types\/post"}],"author":[{"embeddable":true,"href":"https:\/\/rentiago.com\/hu\/wp-json\/wp\/v2\/users\/2"}],"replies":[{"embeddable":true,"href":"https:\/\/rentiago.com\/hu\/wp-json\/wp\/v2\/comments?post=9801"}],"version-history":[{"count":0,"href":"https:\/\/rentiago.com\/hu\/wp-json\/wp\/v2\/posts\/9801\/revisions"}],"wp:featuredmedia":[{"embeddable":true,"href":"https:\/\/rentiago.com\/hu\/wp-json\/wp\/v2\/media\/6471"}],"wp:attachment":[{"href":"https:\/\/rentiago.com\/hu\/wp-json\/wp\/v2\/media?parent=9801"}],"wp:term":[{"taxonomy":"category","embeddable":true,"href":"https:\/\/rentiago.com\/hu\/wp-json\/wp\/v2\/categories?post=9801"},{"taxonomy":"post_tag","embeddable":true,"href":"https:\/\/rentiago.com\/hu\/wp-json\/wp\/v2\/tags?post=9801"},{"taxonomy":"author-persona","embeddable":true,"href":"https:\/\/rentiago.com\/hu\/wp-json\/wp\/v2\/author-persona?post=9801"}],"curies":[{"name":"wp","href":"https:\/\/api.w.org\/{rel}","templated":true}]}}